{"id":5887,"date":"2025-07-17T15:02:45","date_gmt":"2025-07-17T15:02:45","guid":{"rendered":"https:\/\/pablovester.com\/2025\/07\/17\/en-que-andas\/"},"modified":"2025-07-21T11:43:15","modified_gmt":"2025-07-21T14:43:15","slug":"en-que-andas-mis-ultimas-novedades","status":"publish","type":"post","link":"https:\/\/pablovester.com\/en\/2025\/07\/17\/en-que-andas-mis-ultimas-novedades\/","title":{"rendered":"What have you been up to?"},"content":{"rendered":"<p>Mi \u00faltimo escrito en este newsletter fue en mayo y, si bien me hab\u00eda prometido actualizarlo semana por medio, no hab\u00eda considerado un factor importante: la vida. Estuve dibujando poco desde mi anterior publicaci\u00f3n, pero s\u00ed estuve ocupado con otras iniciativas as\u00ed que se me ocurri\u00f3 inaugurar esta especie de subsecci\u00f3n con mini novedades. \u00a1Arrancamos!<\/p>\n<h2>Organizando las ideas<\/h2>\n<p>Publiqu\u00e9 una note hace un tiempito comentando c\u00f3mo me ayud\u00f3 Obsidian para la novela gr\u00e1fica <a href=\"https:\/\/pablovester.substack.com\/p\/la-genesis-de-mi-novela-grafica\" target=\"_blank\" rel=\"noopener\">que les hab\u00eda presentado en abril<\/a>.<\/p>\n<div class=\"substack-post-embed\">\n<p lang=\"en\">Descubr\u00ed Obsidian para ordenar mis notas para la novela gr\u00e1fica. Estuve dos d\u00edas non-stop volcando todo all\u00ed y con la vista de gr\u00e1fico se revelaron m\u00e1s cosas que hab\u00eda pasado por alto. Los puntos de colores son los personajes y los puntos turquesa las notas, ideas y temas asociados. Estoy realmente fascinado con esto.<\/p>\n<p>&#8211; vester<\/p>\n<p><a href=\"https:\/\/substack.com\/@pablovester\/note\/c-120205017\" data-comment-link=\"\" target=\"_blank\" rel=\"noopener\">Read on Substack<\/a><\/p>\n<\/div>\n<p><script async src=\"https:\/\/substack.com\/embedjs\/embed.js\" charset=\"utf-8\"><\/script><\/p>\n<div class=\"comment\" data-attrs=\"{&quot;url&quot;:&quot;https:\/\/open.substack.com\/home&quot;,&quot;commentId&quot;:120205017,&quot;comment&quot;:{&quot;id&quot;:120205017,&quot;date&quot;:&quot;2025-05-26T03:13:22.692Z&quot;,&quot;edited_at&quot;:null,&quot;body&quot;:&quot;Descubr\u00ed Obsidian para ordenar mis notas para la novela gr\u00e1fica. Estuve dos d\u00edas non-stop volcando todo all\u00ed y con la vista de gr\u00e1fico se revelaron m\u00e1s cosas que hab\u00eda pasado por alto.nnLos puntos de colores son los personajes y los puntos turquesa las notas, ideas y temas asociados. Estoy realmente fascinado con esto.&quot;,&quot;body_json&quot;:{&quot;type&quot;:&quot;doc&quot;,&quot;attrs&quot;:{&quot;schemaVersion&quot;:&quot;v1&quot;},&quot;content&quot;:[{&quot;type&quot;:&quot;paragraph&quot;,&quot;content&quot;:[{&quot;type&quot;:&quot;text&quot;,&quot;text&quot;:&quot;Descubr\u00ed Obsidian para ordenar mis notas para la novela gr\u00e1fica. Estuve dos d\u00edas non-stop volcando todo all\u00ed y con la vista de gr\u00e1fico se revelaron m\u00e1s cosas que hab\u00eda pasado por alto.&quot;}]},{&quot;type&quot;:&quot;paragraph&quot;,&quot;content&quot;:[{&quot;type&quot;:&quot;text&quot;,&quot;text&quot;:&quot;Los puntos de colores son los personajes y los puntos turquesa las notas, ideas y temas asociados. Estoy realmente fascinado con esto.&quot;}]}]},&quot;restacks&quot;:1,&quot;reaction_count&quot;:20,&quot;attachments&quot;:[{&quot;id&quot;:&quot;d03f7444-2561-4aa3-9379-0454c92db116&quot;,&quot;type&quot;:&quot;image&quot;,&quot;imageUrl&quot;:&quot;https:\/\/substack-post-media.s3.amazonaws.com\/public\/images\/b2cdbd13-5e8a-48d4-9a7a-13dc2602a976_728x715.png&quot;,&quot;imageWidth&quot;:728,&quot;imageHeight&quot;:715,&quot;explicit&quot;:false}],&quot;name&quot;:&quot;vester&quot;,&quot;user_id&quot;:127065217,&quot;photo_url&quot;:&quot;https:\/\/substack-post-media.s3.amazonaws.com\/public\/images\/37e6a7a8-9a40-44b8-91b0-5ea252953857_2624x2625.jpeg&quot;,&quot;user_bestseller_tier&quot;:null}}\" data-component-name=\"CommentPlaceholder\">\u00a0<\/div>\n<p>\u00bfPero qu\u00e9 es? B\u00e1sicamente es un bloc de notas en esteroides. Es un software con archivos de texto plano, que a trav\u00e9s de diferentes caracter\u00edsticas o plugins, permite que puedas categorizar y ordenar tus proyectos de escritura. <a href=\"https:\/\/obsidian.md\/\" target=\"_blank\" rel=\"noopener\">Lo pueden bajar ac\u00e1<\/a> pero les advierto que puede que sientan rechazo al principio: hay mucho que entender y configurar. Para m\u00ed, la clave es ya conocer o delinear tu propio sistema de organizaci\u00f3n (yo lo fui armando sobre la marcha, usando el consejo de una escritora como punto de partida<a id=\"footnote-anchor-1\" class=\"footnote-anchor\" href=\"https:\/\/pablovester.substack.com\/p\/en-que-andas#footnote-1\" target=\"_self\" data-component-name=\"FootnoteAnchorToDOM\" rel=\"noopener\">1<\/a>). No me quiero extender m\u00e1s sobre el tema pero si les genera curiosidad, me pueden escribir y sino, esperen a un futuro post d\u00f3nde les voy a mostrar mi proceso.<\/p>\n<h2>Un viaje con simbolismos<\/h2>\n<p>En estos \u00faltimos meses viajamos unos d\u00edas a Ushuaia, mi primera vez en ese rinc\u00f3n del sur de nuestro pa\u00eds. Adem\u00e1s de los panoramas naturales y caminos de <em>trekking<\/em> agrestes, hab\u00eda un punto muy particular que me convocaba: el famoso Faro del Fin del Mundo. Y esto viene en relaci\u00f3n a mi novela gr\u00e1fica, ya que el t\u00edtulo en progreso de la misma llevaba ese nombre.<\/p>\n<div class=\"captioned-image-container\">\n<figure>\n<div class=\"image2-inset\"><picture><source srcset=\"https:\/\/substackcdn.com\/image\/fetch\/$s_!5kgh!,w_424,c_limit,f_webp,q_auto:good,fl_progressive:steep\/https%3A%2F%2Fsubstack-post-media.s3.amazonaws.com%2Fpublic%2Fimages%2Ff315bbff-91ba-4cc8-b779-3e2ebe48151d_671x803.png 424w, https:\/\/substackcdn.com\/image\/fetch\/$s_!5kgh!,w_848,c_limit,f_webp,q_auto:good,fl_progressive:steep\/https%3A%2F%2Fsubstack-post-media.s3.amazonaws.com%2Fpublic%2Fimages%2Ff315bbff-91ba-4cc8-b779-3e2ebe48151d_671x803.png 848w, https:\/\/substackcdn.com\/image\/fetch\/$s_!5kgh!,w_1272,c_limit,f_webp,q_auto:good,fl_progressive:steep\/https%3A%2F%2Fsubstack-post-media.s3.amazonaws.com%2Fpublic%2Fimages%2Ff315bbff-91ba-4cc8-b779-3e2ebe48151d_671x803.png 1272w, https:\/\/substackcdn.com\/image\/fetch\/$s_!5kgh!,w_1456,c_limit,f_webp,q_auto:good,fl_progressive:steep\/https%3A%2F%2Fsubstack-post-media.s3.amazonaws.com%2Fpublic%2Fimages%2Ff315bbff-91ba-4cc8-b779-3e2ebe48151d_671x803.png 1456w\" type=\"image\/webp\" sizes=\"100vw\" \/><img fetchpriority=\"high\" decoding=\"async\" class=\"sizing-normal\" src=\"https:\/\/substackcdn.com\/image\/fetch\/%24s_!5kgh!,w_1456,c_limit,f_auto,q_auto:good,fl_progressive:steep\/https%3A%2F%2Fsubstack-post-media.s3.amazonaws.com%2Fpublic%2Fimages%2Ff315bbff-91ba-4cc8-b779-3e2ebe48151d_671x803.png\" sizes=\"100vw\" srcset=\"https:\/\/substackcdn.com\/image\/fetch\/$s_!5kgh!,w_424,c_limit,f_auto,q_auto:good,fl_progressive:steep\/https%3A%2F%2Fsubstack-post-media.s3.amazonaws.com%2Fpublic%2Fimages%2Ff315bbff-91ba-4cc8-b779-3e2ebe48151d_671x803.png 424w, https:\/\/substackcdn.com\/image\/fetch\/$s_!5kgh!,w_848,c_limit,f_auto,q_auto:good,fl_progressive:steep\/https%3A%2F%2Fsubstack-post-media.s3.amazonaws.com%2Fpublic%2Fimages%2Ff315bbff-91ba-4cc8-b779-3e2ebe48151d_671x803.png 848w, https:\/\/substackcdn.com\/image\/fetch\/$s_!5kgh!,w_1272,c_limit,f_auto,q_auto:good,fl_progressive:steep\/https%3A%2F%2Fsubstack-post-media.s3.amazonaws.com%2Fpublic%2Fimages%2Ff315bbff-91ba-4cc8-b779-3e2ebe48151d_671x803.png 1272w, https:\/\/substackcdn.com\/image\/fetch\/$s_!5kgh!,w_1456,c_limit,f_auto,q_auto:good,fl_progressive:steep\/https%3A%2F%2Fsubstack-post-media.s3.amazonaws.com%2Fpublic%2Fimages%2Ff315bbff-91ba-4cc8-b779-3e2ebe48151d_671x803.png 1456w\" alt=\"\" width=\"671\" height=\"803\" data-attrs=\"{&quot;src&quot;:&quot;https:\/\/substack-post-media.s3.amazonaws.com\/public\/images\/f315bbff-91ba-4cc8-b779-3e2ebe48151d_671x803.png&quot;,&quot;srcNoWatermark&quot;:null,&quot;fullscreen&quot;:null,&quot;imageSize&quot;:null,&quot;height&quot;:803,&quot;width&quot;:671,&quot;resizeWidth&quot;:null,&quot;bytes&quot;:833976,&quot;alt&quot;:null,&quot;title&quot;:null,&quot;type&quot;:&quot;image\/png&quot;,&quot;href&quot;:null,&quot;belowTheFold&quot;:true,&quot;topImage&quot;:false,&quot;internalRedirect&quot;:&quot;https:\/\/pablovester.substack.com\/i\/168499444?img=https%3A%2F%2Fsubstack-post-media.s3.amazonaws.com%2Fpublic%2Fimages%2Ff315bbff-91ba-4cc8-b779-3e2ebe48151d_671x803.png&quot;,&quot;isProcessing&quot;:false,&quot;align&quot;:null,&quot;offset&quot;:false}\" \/><\/picture>\n<div class=\"image-link-expand\">\n<div class=\"pencraft pc-display-flex pc-gap-8 pc-reset\">\n<div class=\"pencraft pc-reset icon-container restack-image\">\u00a0<\/div>\n<div class=\"pencraft pc-reset icon-container view-image\">\u00a0<\/div>\n<\/div>\n<\/div>\n<\/div>\n<figcaption class=\"image-caption\"><\/figcaption>\n<\/figure>\n<\/div>\n<p>Los personajes de mi novela convergen en un faro que cre\u00edan abandonado al extremo del continente, donde se encuentran con otros personajes que lo han resignificado como refugio y resistencia. El s\u00edmbolo del faro resurge a trav\u00e9s de todas las p\u00e1ginas pero el t\u00edtulo de la historieta comenz\u00f3 a diluirse, ya que en la narrativa se favorece a otro simbolismo que apareci\u00f3 sin pedir permiso en Obsidian: un jard\u00edn. \u00bfQu\u00e9 puede aflorar en un p\u00e1ramo inh\u00f3spito?<\/p>\n<div class=\"captioned-image-container\">\n<figure>\n<div class=\"image2-inset\"><picture><source srcset=\"https:\/\/substackcdn.com\/image\/fetch\/$s_!Gnfk!,w_424,c_limit,f_webp,q_auto:good,fl_progressive:steep\/https%3A%2F%2Fsubstack-post-media.s3.amazonaws.com%2Fpublic%2Fimages%2F73653932-7202-4a1d-aff8-d8e75e1a142c_677x850.png 424w, https:\/\/substackcdn.com\/image\/fetch\/$s_!Gnfk!,w_848,c_limit,f_webp,q_auto:good,fl_progressive:steep\/https%3A%2F%2Fsubstack-post-media.s3.amazonaws.com%2Fpublic%2Fimages%2F73653932-7202-4a1d-aff8-d8e75e1a142c_677x850.png 848w, https:\/\/substackcdn.com\/image\/fetch\/$s_!Gnfk!,w_1272,c_limit,f_webp,q_auto:good,fl_progressive:steep\/https%3A%2F%2Fsubstack-post-media.s3.amazonaws.com%2Fpublic%2Fimages%2F73653932-7202-4a1d-aff8-d8e75e1a142c_677x850.png 1272w, https:\/\/substackcdn.com\/image\/fetch\/$s_!Gnfk!,w_1456,c_limit,f_webp,q_auto:good,fl_progressive:steep\/https%3A%2F%2Fsubstack-post-media.s3.amazonaws.com%2Fpublic%2Fimages%2F73653932-7202-4a1d-aff8-d8e75e1a142c_677x850.png 1456w\" type=\"image\/webp\" sizes=\"100vw\" \/><img decoding=\"async\" class=\"sizing-normal\" src=\"https:\/\/substackcdn.com\/image\/fetch\/%24s_!Gnfk!,w_1456,c_limit,f_auto,q_auto:good,fl_progressive:steep\/https%3A%2F%2Fsubstack-post-media.s3.amazonaws.com%2Fpublic%2Fimages%2F73653932-7202-4a1d-aff8-d8e75e1a142c_677x850.png\" sizes=\"100vw\" srcset=\"https:\/\/substackcdn.com\/image\/fetch\/$s_!Gnfk!,w_424,c_limit,f_auto,q_auto:good,fl_progressive:steep\/https%3A%2F%2Fsubstack-post-media.s3.amazonaws.com%2Fpublic%2Fimages%2F73653932-7202-4a1d-aff8-d8e75e1a142c_677x850.png 424w, https:\/\/substackcdn.com\/image\/fetch\/$s_!Gnfk!,w_848,c_limit,f_auto,q_auto:good,fl_progressive:steep\/https%3A%2F%2Fsubstack-post-media.s3.amazonaws.com%2Fpublic%2Fimages%2F73653932-7202-4a1d-aff8-d8e75e1a142c_677x850.png 848w, https:\/\/substackcdn.com\/image\/fetch\/$s_!Gnfk!,w_1272,c_limit,f_auto,q_auto:good,fl_progressive:steep\/https%3A%2F%2Fsubstack-post-media.s3.amazonaws.com%2Fpublic%2Fimages%2F73653932-7202-4a1d-aff8-d8e75e1a142c_677x850.png 1272w, https:\/\/substackcdn.com\/image\/fetch\/$s_!Gnfk!,w_1456,c_limit,f_auto,q_auto:good,fl_progressive:steep\/https%3A%2F%2Fsubstack-post-media.s3.amazonaws.com%2Fpublic%2Fimages%2F73653932-7202-4a1d-aff8-d8e75e1a142c_677x850.png 1456w\" alt=\"\" width=\"677\" height=\"850\" data-attrs=\"{&quot;src&quot;:&quot;https:\/\/substack-post-media.s3.amazonaws.com\/public\/images\/73653932-7202-4a1d-aff8-d8e75e1a142c_677x850.png&quot;,&quot;srcNoWatermark&quot;:null,&quot;fullscreen&quot;:null,&quot;imageSize&quot;:null,&quot;height&quot;:850,&quot;width&quot;:677,&quot;resizeWidth&quot;:null,&quot;bytes&quot;:936231,&quot;alt&quot;:null,&quot;title&quot;:null,&quot;type&quot;:&quot;image\/png&quot;,&quot;href&quot;:null,&quot;belowTheFold&quot;:true,&quot;topImage&quot;:false,&quot;internalRedirect&quot;:&quot;https:\/\/pablovester.substack.com\/i\/168499444?img=https%3A%2F%2Fsubstack-post-media.s3.amazonaws.com%2Fpublic%2Fimages%2F73653932-7202-4a1d-aff8-d8e75e1a142c_677x850.png&quot;,&quot;isProcessing&quot;:false,&quot;align&quot;:null,&quot;offset&quot;:false}\" \/><\/picture>\n<div class=\"image-link-expand\">\n<div class=\"pencraft pc-display-flex pc-gap-8 pc-reset\">\n<div class=\"pencraft pc-reset icon-container restack-image\">\u00a0<\/div>\n<div class=\"pencraft pc-reset icon-container view-image\">\u00a0<\/div>\n<\/div>\n<\/div>\n<\/div>\n<\/figure>\n<\/div>\n<p>Haciendo uno de los <em>trekking<\/em>, encontr\u00e9 una flor entre medio de piedras cerca de un lago, un d\u00eda muy fr\u00edo a pesar del sol. No s\u00e9 si fue una se\u00f1al del destino (si es que eso existe), pero algo me conmovi\u00f3 al verla. Lo tom\u00e9 como un buen augurio para mi historia.<\/p>\n<div class=\"subscription-widget-wrap-editor\" data-attrs=\"{&quot;url&quot;:&quot;https:\/\/pablovester.substack.com\/subscribe?&quot;,&quot;text&quot;:&quot;Suscribirse&quot;,&quot;language&quot;:&quot;es&quot;}\" data-component-name=\"SubscribeWidgetToDOM\">\n<div class=\"subscription-widget show-subscribe\">\n<div class=\"preamble\">\u00a0<\/div>\n<form class=\"subscription-widget-subscribe\">\n<div class=\"fake-input-wrapper\">\n<div class=\"fake-input\">\u00a0<\/div>\n<div class=\"fake-button\">\u00a0<\/div>\n<\/div>\n<\/form><\/div>\n<\/div>\n<h2>Revolviendo recuerdos<\/h2>\n<p>De vuelta en Buenos Aires, volv\u00ed a mi rutina habitual. Una de mis actividades favoritas son los fines de semana con mis recorridos de coleccionismo. Como soy una criatura nost\u00e1lgica por dem\u00e1s, mi hobby principal es recuperar \u00e1lbumes de figuritas de mi infancia o conseguir art\u00edculos de promociones de kioscos de los a\u00f1os 2000.<\/p>\n<p>Me divierte revolver cajas con tesoros esperando a ser rescatados, ordenar los art\u00edculos que encuentre o hasta incluso restaurarlos. Lo pienso como recuperar pedazos de la historia y traerlos al presente. Supongo que por esa facilidad que tengo, le pude dar una mano a mis suegros en catalogar una extensa cantidad de discos y vinilos<a id=\"footnote-anchor-2\" class=\"footnote-anchor\" href=\"https:\/\/pablovester.substack.com\/p\/en-que-andas#footnote-2\" target=\"_self\" data-component-name=\"FootnoteAnchorToDOM\" rel=\"noopener\">2<\/a>.<\/p>\n<div class=\"captioned-image-container\">\n<figure>\n<div class=\"image2-inset\"><picture><source srcset=\"https:\/\/substackcdn.com\/image\/fetch\/$s_!8XcJ!,w_424,c_limit,f_webp,q_auto:good,fl_progressive:steep\/https%3A%2F%2Fsubstack-post-media.s3.amazonaws.com%2Fpublic%2Fimages%2F02ec1a74-af15-4167-93b1-eced7eebd6d3_565x622.png 424w, https:\/\/substackcdn.com\/image\/fetch\/$s_!8XcJ!,w_848,c_limit,f_webp,q_auto:good,fl_progressive:steep\/https%3A%2F%2Fsubstack-post-media.s3.amazonaws.com%2Fpublic%2Fimages%2F02ec1a74-af15-4167-93b1-eced7eebd6d3_565x622.png 848w, https:\/\/substackcdn.com\/image\/fetch\/$s_!8XcJ!,w_1272,c_limit,f_webp,q_auto:good,fl_progressive:steep\/https%3A%2F%2Fsubstack-post-media.s3.amazonaws.com%2Fpublic%2Fimages%2F02ec1a74-af15-4167-93b1-eced7eebd6d3_565x622.png 1272w, https:\/\/substackcdn.com\/image\/fetch\/$s_!8XcJ!,w_1456,c_limit,f_webp,q_auto:good,fl_progressive:steep\/https%3A%2F%2Fsubstack-post-media.s3.amazonaws.com%2Fpublic%2Fimages%2F02ec1a74-af15-4167-93b1-eced7eebd6d3_565x622.png 1456w\" type=\"image\/webp\" sizes=\"100vw\" \/><\/picture>\n<figure style=\"width: 565px\" class=\"wp-caption alignnone\"><img decoding=\"async\" class=\"sizing-normal\" src=\"https:\/\/substackcdn.com\/image\/fetch\/%24s_!8XcJ!,w_1456,c_limit,f_auto,q_auto:good,fl_progressive:steep\/https%3A%2F%2Fsubstack-post-media.s3.amazonaws.com%2Fpublic%2Fimages%2F02ec1a74-af15-4167-93b1-eced7eebd6d3_565x622.png\" alt=\"\" width=\"565\" height=\"622\" data-attrs=\"{&quot;src&quot;:&quot;https:\/\/substack-post-media.s3.amazonaws.com\/public\/images\/02ec1a74-af15-4167-93b1-eced7eebd6d3_565x622.png&quot;,&quot;srcNoWatermark&quot;:null,&quot;fullscreen&quot;:null,&quot;imageSize&quot;:null,&quot;height&quot;:622,&quot;width&quot;:565,&quot;resizeWidth&quot;:null,&quot;bytes&quot;:661428,&quot;alt&quot;:null,&quot;title&quot;:null,&quot;type&quot;:&quot;image\/png&quot;,&quot;href&quot;:null,&quot;belowTheFold&quot;:true,&quot;topImage&quot;:false,&quot;internalRedirect&quot;:&quot;https:\/\/pablovester.substack.com\/i\/168499444?img=https%3A%2F%2Fsubstack-post-media.s3.amazonaws.com%2Fpublic%2Fimages%2F02ec1a74-af15-4167-93b1-eced7eebd6d3_565x622.png&quot;,&quot;isProcessing&quot;:false,&quot;align&quot;:null,&quot;offset&quot;:false}\" \/><figcaption class=\"wp-caption-text\">Empec\u00e9 a apreciar el arte de tapa de los discos de Zappa<\/figcaption><\/figure>\n<div class=\"image-link-expand\">\n<div class=\"pencraft pc-display-flex pc-gap-8 pc-reset\">\n<div class=\"pencraft pc-reset icon-container restack-image\">\u00a0<\/div>\n<div class=\"pencraft pc-reset icon-container view-image\">\u00a0<\/div>\n<\/div>\n<\/div>\n<\/div>\n<\/figure>\n<\/div>\n<p>Toda esta magn\u00e1nima tarea me hizo reflexionar sobre d\u00f3nde van a parar mis libros, mis pavadas, mis papeles y mis colecciones el d\u00eda que yo no est\u00e9. A veces pienso en la futilidad de lo material ante el gran esquema del universo. \u00bfQu\u00e9 va a significar un ajetreado \u00e1lbum de figuritas de 1998 en comparaci\u00f3n con el pr\u00f3ximo Big Bang en un millar de a\u00f1os? Probablemente nada, pero estoy viviendo este presente y no un futuro distante. Es en este presente en el que me encuentro lleno dicha al poder reconectar con un recuerdo que cre\u00eda perdido.<\/p>\n<h2>Una historieta que viaja en el tiempo<\/h2>\n<p>Si de cosas que cre\u00eda perdidas se trata, este a\u00f1o salieron a la superficie varios personajes que hab\u00eda ideado en mi pre adolescencia. A fines del a\u00f1o pasado, me anot\u00e9 a un curso de un mes llamado \u201cAcompa\u00f1amiento de Historieta\u201d dictado por <a href=\"https:\/\/www.instagram.com\/la_lejana\/\" target=\"_blank\" rel=\"noopener\">La Lejana<\/a>, con el prop\u00f3sito de darme las herramientas justas y necesarias para salir con algo para desarrollar una historieta.<\/p>\n<p>Hace ya un tiempo coquete\u00e9 con la idea de crear una historieta de f\u00fatbol. Sin embargo, deb\u00eda encontrar lo que quer\u00eda decir usando este deporte como veh\u00edculo. Mientras intentaba dilucidar mi \u201cpor qu\u00e9\u201d ten\u00eda que encontrar el \u201ccon qu\u00e9\u201d: \u00bfqui\u00e9nes van a ser los personajes que van a empujar este relato?<\/p>\n<div class=\"captioned-image-container\">\n<figure>\n<div class=\"image2-inset\"><picture><source srcset=\"https:\/\/substackcdn.com\/image\/fetch\/$s_!gSZn!,w_424,c_limit,f_webp,q_auto:good,fl_progressive:steep\/https%3A%2F%2Fsubstack-post-media.s3.amazonaws.com%2Fpublic%2Fimages%2F54ee37e1-b84c-459b-86a3-08b4264a0a0d_1200x1230.jpeg 424w, https:\/\/substackcdn.com\/image\/fetch\/$s_!gSZn!,w_848,c_limit,f_webp,q_auto:good,fl_progressive:steep\/https%3A%2F%2Fsubstack-post-media.s3.amazonaws.com%2Fpublic%2Fimages%2F54ee37e1-b84c-459b-86a3-08b4264a0a0d_1200x1230.jpeg 848w, https:\/\/substackcdn.com\/image\/fetch\/$s_!gSZn!,w_1272,c_limit,f_webp,q_auto:good,fl_progressive:steep\/https%3A%2F%2Fsubstack-post-media.s3.amazonaws.com%2Fpublic%2Fimages%2F54ee37e1-b84c-459b-86a3-08b4264a0a0d_1200x1230.jpeg 1272w, https:\/\/substackcdn.com\/image\/fetch\/$s_!gSZn!,w_1456,c_limit,f_webp,q_auto:good,fl_progressive:steep\/https%3A%2F%2Fsubstack-post-media.s3.amazonaws.com%2Fpublic%2Fimages%2F54ee37e1-b84c-459b-86a3-08b4264a0a0d_1200x1230.jpeg 1456w\" type=\"image\/webp\" sizes=\"100vw\" \/><\/picture>\n<figure style=\"width: 1200px\" class=\"wp-caption alignnone\"><img loading=\"lazy\" decoding=\"async\" class=\"sizing-normal\" src=\"https:\/\/substackcdn.com\/image\/fetch\/%24s_!gSZn!,w_1456,c_limit,f_auto,q_auto:good,fl_progressive:steep\/https%3A%2F%2Fsubstack-post-media.s3.amazonaws.com%2Fpublic%2Fimages%2F54ee37e1-b84c-459b-86a3-08b4264a0a0d_1200x1230.jpeg\" alt=\"\" width=\"1200\" height=\"1230\" data-attrs=\"{&quot;src&quot;:&quot;https:\/\/substack-post-media.s3.amazonaws.com\/public\/images\/54ee37e1-b84c-459b-86a3-08b4264a0a0d_1200x1230.jpeg&quot;,&quot;srcNoWatermark&quot;:null,&quot;fullscreen&quot;:null,&quot;imageSize&quot;:null,&quot;height&quot;:1230,&quot;width&quot;:1200,&quot;resizeWidth&quot;:null,&quot;bytes&quot;:852826,&quot;alt&quot;:null,&quot;title&quot;:null,&quot;type&quot;:&quot;image\/jpeg&quot;,&quot;href&quot;:null,&quot;belowTheFold&quot;:true,&quot;topImage&quot;:false,&quot;internalRedirect&quot;:&quot;https:\/\/pablovester.substack.com\/i\/168499444?img=https%3A%2F%2Fsubstack-post-media.s3.amazonaws.com%2Fpublic%2Fimages%2F54ee37e1-b84c-459b-86a3-08b4264a0a0d_1200x1230.jpeg&quot;,&quot;isProcessing&quot;:false,&quot;align&quot;:null,&quot;offset&quot;:false}\" \/><figcaption class=\"wp-caption-text\">Ilustraci\u00f3n con l\u00edneas en tradicional y coloreado en digital<\/figcaption><\/figure>\n<div class=\"image-link-expand\">\n<div class=\"pencraft pc-display-flex pc-gap-8 pc-reset\">\u00a0<\/div>\n<\/div>\n<\/div>\n<figcaption class=\"image-caption\"><\/figcaption>\n<\/figure>\n<\/div>\n<p>En mi pre adolescencia invent\u00e9 un equipo de f\u00fatbol ficticio llamado \u00c1guilas F\u00fatbol Club y decid\u00ed que era el momento de revisitarlos para narrar esta historieta que trabaj\u00e9 en el taller. As\u00ed es como estos personajes volvieron al presente, dici\u00e9ndole a mi joven yo que esos protagonistas no iban a quedar abandonados entre las h\u00famedas hojas de un cuaderno para siempre.<\/p>\n<p>La historieta ser\u00e1 de 22 p\u00e1ginas, es un tomo unitario y hace foco en el capit\u00e1n del equipo en un partido decisivo. Ya tengo diagramado lo que va a suceder en cada p\u00e1gina con di\u00e1logos incluidos y un final tambi\u00e9n ya escrito. Lo \u00fanico que me falta es lo dif\u00edcil: dibujar las vi\u00f1etas.<\/p>\n<p>Para motivarme a dibujar, cre\u00e9 documentaci\u00f3n ficticia que le d\u00e9 sustancia a este mundo. Siguiendo el consejo del taller de obsesionarme con mis personajes, <a href=\"https:\/\/pablovester.com\/comics\/aguilas\/\">confeccion\u00e9 portadas de revistas y fotos de momentos de la vida de este equipo<\/a>. \u00a1Suscriptores, est\u00e9n atentxs que estas vi\u00f1etas est\u00e1n en camino!<\/p>\n<h2>Las l\u00edneas por dibujar<\/h2>\n<p>Me quedaron temas por fuera de esta publicaci\u00f3n, como el libro que estoy leyendo, las \u00faltimas pel\u00edculas que vi, la reorganizaci\u00f3n de mi escritorio y algunas otras nimiedades. Incluso antes de escribir estas l\u00edneas me lleg\u00f3 una propuesta de colaboraci\u00f3n que me tiene emocionado y que espero se pueda materializar. \u00a1Crucen los dedos!<\/p>\n<p>\u00bfHay alg\u00fan tema de todos los que abord\u00e9 que les haya llamado la atenci\u00f3n? \u00bfQuieren preguntarme m\u00e1s sobre alguno de mis proyectos?<\/p>\n<p>Si llegaron hasta ac\u00e1, se los agradezco de coraz\u00f3n. Me llena de felicidad que quieran leer sobre m\u00ed y mi carrera. Lxs leo en la pr\u00f3xima edici\u00f3n de mi newsletter y, esperemos, que con mis ideas ya florecidas en medio del duro p\u00e1ramo que llamamos realidad.<\/p>\n\n\n<p><\/p>\n","protected":false},"excerpt":{"rendered":"<p>Mi \u00faltimo escrito en este newsletter fue en mayo y, si bien me hab\u00eda prometido actualizarlo semana por medio, no hab\u00eda considerado un factor importante: la vida. Estuve dibujando poco desde mi anterior publicaci\u00f3n, pero s\u00ed estuve ocupado con otras iniciativas as\u00ed que se me ocurri\u00f3 inaugurar esta especie de subsecci\u00f3n con mini novedades. \u00a1Arrancamos! Organizando las ideas Publiqu\u00e9 una note hace un tiempito comentando c\u00f3mo me ayud\u00f3 Obsidian para la novela gr\u00e1fica que les hab\u00eda presentado en abril. Descubr\u00ed Obsidian para ordenar mis notas para la novela gr\u00e1fica. Estuve dos d\u00edas non-stop volcando todo all\u00ed y con la vista de gr\u00e1fico se revelaron m\u00e1s cosas que hab\u00eda pasado por alto. Los puntos de colores son los personajes y los puntos turquesa las notas, ideas y temas asociados. Estoy realmente fascinado con esto. &#8211; vester Read on Substack \u00a0 \u00bfPero qu\u00e9 es? B\u00e1sicamente es un bloc de notas en esteroides. Es un software con archivos de texto plano, que a trav\u00e9s de diferentes caracter\u00edsticas o plugins, permite que puedas categorizar y ordenar tus proyectos de escritura. Lo pueden bajar ac\u00e1 pero les advierto que puede que sientan rechazo al principio: hay mucho que entender y configurar. Para m\u00ed, la clave es ya conocer o delinear tu propio sistema de organizaci\u00f3n (yo lo fui armando sobre la marcha, usando el consejo de una escritora como punto de partida1). No me quiero extender m\u00e1s sobre el tema pero si les genera curiosidad, me pueden escribir y sino, esperen a un futuro post d\u00f3nde les voy a mostrar mi proceso. Un viaje con simbolismos En estos \u00faltimos meses viajamos unos d\u00edas a Ushuaia, mi primera vez en ese rinc\u00f3n del sur de nuestro pa\u00eds. Adem\u00e1s de los panoramas naturales y caminos de trekking agrestes, hab\u00eda un punto muy particular que me convocaba: el famoso Faro del Fin del Mundo. Y esto viene en relaci\u00f3n a mi novela gr\u00e1fica, ya que el t\u00edtulo en progreso de la misma llevaba ese nombre. \u00a0 \u00a0 Los personajes de mi novela convergen en un faro que cre\u00edan abandonado al extremo del continente, donde se encuentran con otros personajes que lo han resignificado como refugio y resistencia. El s\u00edmbolo del faro resurge a trav\u00e9s de todas las p\u00e1ginas pero el t\u00edtulo de la historieta comenz\u00f3 a diluirse, ya que en la narrativa se favorece a otro simbolismo que apareci\u00f3 sin pedir permiso en Obsidian: un jard\u00edn. \u00bfQu\u00e9 puede aflorar en un p\u00e1ramo inh\u00f3spito? \u00a0 \u00a0 Haciendo uno de los trekking, encontr\u00e9 una flor entre medio de piedras cerca de un lago, un d\u00eda muy fr\u00edo a pesar del sol. No s\u00e9 si fue una se\u00f1al del destino (si es que eso existe), pero algo me conmovi\u00f3 al verla. Lo tom\u00e9 como un buen augurio para mi historia. \u00a0 \u00a0 \u00a0 Revolviendo recuerdos De vuelta en Buenos Aires, volv\u00ed a mi rutina habitual. Una de mis actividades favoritas son los fines de semana con mis recorridos de coleccionismo. Como soy una criatura nost\u00e1lgica por dem\u00e1s, mi hobby principal es recuperar \u00e1lbumes de figuritas de mi infancia o conseguir art\u00edculos de promociones de kioscos de los a\u00f1os 2000. Me divierte revolver cajas con tesoros esperando a ser rescatados, ordenar los art\u00edculos que encuentre o hasta incluso restaurarlos. Lo pienso como recuperar pedazos de la historia y traerlos al presente. Supongo que por esa facilidad que tengo, le pude dar una mano a mis suegros en catalogar una extensa cantidad de discos y vinilos2. \u00a0 \u00a0 Toda esta magn\u00e1nima tarea me hizo reflexionar sobre d\u00f3nde van a parar mis libros, mis pavadas, mis papeles y mis colecciones el d\u00eda que yo no est\u00e9. A veces pienso en la futilidad de lo material ante el gran esquema del universo. \u00bfQu\u00e9 va a significar un ajetreado \u00e1lbum de figuritas de 1998 en comparaci\u00f3n con el pr\u00f3ximo Big Bang en un millar de a\u00f1os? Probablemente nada, pero estoy viviendo este presente y no un futuro distante. Es en este presente en el que me encuentro lleno dicha al poder reconectar con un recuerdo que cre\u00eda perdido. Una historieta que viaja en el tiempo Si de cosas que cre\u00eda perdidas se trata, este a\u00f1o salieron a la superficie varios personajes que hab\u00eda ideado en mi pre adolescencia. A fines del a\u00f1o pasado, me anot\u00e9 a un curso de un mes llamado \u201cAcompa\u00f1amiento de Historieta\u201d dictado por La Lejana, con el prop\u00f3sito de darme las herramientas justas y necesarias para salir con algo para desarrollar una historieta. Hace ya un tiempo coquete\u00e9 con la idea de crear una historieta de f\u00fatbol. Sin embargo, deb\u00eda encontrar lo que quer\u00eda decir usando este deporte como veh\u00edculo. Mientras intentaba dilucidar mi \u201cpor qu\u00e9\u201d ten\u00eda que encontrar el \u201ccon qu\u00e9\u201d: \u00bfqui\u00e9nes van a ser los personajes que van a empujar este relato? \u00a0 En mi pre adolescencia invent\u00e9 un equipo de f\u00fatbol ficticio llamado \u00c1guilas F\u00fatbol Club y decid\u00ed que era el momento de revisitarlos para narrar esta historieta que trabaj\u00e9 en el taller. As\u00ed es como estos personajes volvieron al presente, dici\u00e9ndole a mi joven yo que esos protagonistas no iban a quedar abandonados entre las h\u00famedas hojas de un cuaderno para siempre. La historieta ser\u00e1 de 22 p\u00e1ginas, es un tomo unitario y hace foco en el capit\u00e1n del equipo en un partido decisivo. Ya tengo diagramado lo que va a suceder en cada p\u00e1gina con di\u00e1logos incluidos y un final tambi\u00e9n ya escrito. Lo \u00fanico que me falta es lo dif\u00edcil: dibujar las vi\u00f1etas. Para motivarme a dibujar, cre\u00e9 documentaci\u00f3n ficticia que le d\u00e9 sustancia a este mundo. Siguiendo el consejo del taller de obsesionarme con mis personajes, confeccion\u00e9 portadas de revistas y fotos de momentos de la vida de este equipo. \u00a1Suscriptores, est\u00e9n atentxs que estas vi\u00f1etas est\u00e1n en camino! Las l\u00edneas por dibujar Me quedaron temas por fuera de esta publicaci\u00f3n, como el libro que estoy leyendo, las \u00faltimas pel\u00edculas que vi, la reorganizaci\u00f3n de mi escritorio y algunas otras nimiedades. Incluso antes de escribir estas l\u00edneas me lleg\u00f3 una propuesta de colaboraci\u00f3n que<\/p>","protected":false},"author":1,"featured_media":5744,"comment_status":"open","ping_status":"closed","sticky":false,"template":"","format":"standard","meta":{"footnotes":""},"categories":[28],"tags":[],"class_list":["post-5887","post","type-post","status-publish","format-standard","has-post-thumbnail","hentry","category-blog"],"_links":{"self":[{"href":"https:\/\/pablovester.com\/en\/wp-json\/wp\/v2\/posts\/5887","targetHints":{"allow":["GET"]}}],"collection":[{"href":"https:\/\/pablovester.com\/en\/wp-json\/wp\/v2\/posts"}],"about":[{"href":"https:\/\/pablovester.com\/en\/wp-json\/wp\/v2\/types\/post"}],"author":[{"embeddable":true,"href":"https:\/\/pablovester.com\/en\/wp-json\/wp\/v2\/users\/1"}],"replies":[{"embeddable":true,"href":"https:\/\/pablovester.com\/en\/wp-json\/wp\/v2\/comments?post=5887"}],"version-history":[{"count":5,"href":"https:\/\/pablovester.com\/en\/wp-json\/wp\/v2\/posts\/5887\/revisions"}],"predecessor-version":[{"id":5939,"href":"https:\/\/pablovester.com\/en\/wp-json\/wp\/v2\/posts\/5887\/revisions\/5939"}],"wp:featuredmedia":[{"embeddable":true,"href":"https:\/\/pablovester.com\/en\/wp-json\/wp\/v2\/media\/5744"}],"wp:attachment":[{"href":"https:\/\/pablovester.com\/en\/wp-json\/wp\/v2\/media?parent=5887"}],"wp:term":[{"taxonomy":"category","embeddable":true,"href":"https:\/\/pablovester.com\/en\/wp-json\/wp\/v2\/categories?post=5887"},{"taxonomy":"post_tag","embeddable":true,"href":"https:\/\/pablovester.com\/en\/wp-json\/wp\/v2\/tags?post=5887"}],"curies":[{"name":"wp","href":"https:\/\/api.w.org\/{rel}","templated":true}]}}